{"id":10889,"date":"2024-12-19T17:33:12","date_gmt":"2024-12-19T17:33:12","guid":{"rendered":"https:\/\/martarodriguez.com.co\/?p=10889"},"modified":"2024-12-27T17:12:43","modified_gmt":"2024-12-27T17:12:43","slug":"h0126-ui-agosto-1981","status":"publish","type":"post","link":"https:\/\/martarodriguez.com.co\/index.php\/2024\/12\/19\/h0126-ui-agosto-1981\/","title":{"rendered":"H0126. UI. Agosto 1981"},"content":{"rendered":"\t\t<div data-elementor-type=\"wp-post\" data-elementor-id=\"10889\" class=\"elementor elementor-10889\">\n\t\t\t\t\t\t<section class=\"elementor-section elementor-top-section elementor-element elementor-element-77752575 elementor-section-boxed elementor-section-height-default elementor-section-height-default exad-glass-effect-no wpr-particle-no wpr-jarallax-no wpr-parallax-no wpr-sticky-section-no exad-sticky-section-no\" data-id=\"77752575\" data-element_type=\"section\">\n\t\t\t\t\t\t<div class=\"elementor-container elementor-column-gap-default\">\n\t\t\t\t\t<div class=\"elementor-column elementor-col-100 elementor-top-column elementor-element elementor-element-6fd6a63d exad-glass-effect-no exad-sticky-section-no\" data-id=\"6fd6a63d\" data-element_type=\"column\">\n\t\t\t<div class=\"elementor-widget-wrap elementor-element-populated\">\n\t\t\t\t\t\t<div class=\"elementor-element elementor-element-85a1bf1 elementor-widget-mobile__width-initial exad-sticky-section-no exad-glass-effect-no elementor-widget elementor-widget-pdfjs_viewer\" data-id=\"85a1bf1\" data-element_type=\"widget\" data-widget_type=\"pdfjs_viewer.default\">\n\t\t\t\t<div class=\"elementor-widget-container\">\n\t\t\t<iframe src=\"https:\/\/martarodriguez.com.co\/wp-content\/plugins\/pdf-viewer-for-elementor\/assets\/pdfjs\/web\/viewer.html?file=https:\/\/martarodriguez.com.co\/wp-content\/uploads\/2024\/12\/0126-UI.-Agosto-1981-compressed.pdf&amp;embedded=true\" style=\"display: block; margin-left: auto; margin-right: auto; width: 640px; height: 1020px;\" frameborder=\"1\" marginheight=\"0px\" marginwidth=\"0px\" allowfullscreen><\/iframe>\t\t<\/div>\n\t\t\t\t<\/div>\n\t\t\t\t<div class=\"elementor-element elementor-element-496b670 exad-sticky-section-no exad-glass-effect-no elementor-widget elementor-widget-text-editor\" data-id=\"496b670\" data-element_type=\"widget\" data-widget_type=\"text-editor.default\">\n\t\t\t\t<div class=\"elementor-widget-container\">\n\t\t\t<style>\/*! elementor - v3.21.0 - 15-04-2024 *\/\n.elementor-widget-text-editor.elementor-drop-cap-view-stacked .elementor-drop-cap{background-color:#69727d;color:#fff}.elementor-widget-text-editor.elementor-drop-cap-view-framed .elementor-drop-cap{color:#69727d;border:3px solid;background-color:transparent}.elementor-widget-text-editor:not(.elementor-drop-cap-view-default) .elementor-drop-cap{margin-top:8px}.elementor-widget-text-editor:not(.elementor-drop-cap-view-default) .elementor-drop-cap-letter{width:1em;height:1em}.elementor-widget-text-editor .elementor-drop-cap{float:left;text-align:center;line-height:1;font-size:50px}.elementor-widget-text-editor .elementor-drop-cap-letter{display:inline-block}<\/style>\t\t\t\t<!-- wp:paragraph -->\n<p><strong>C\u00d3DIGO<\/strong>: H0126<\/p>\n<!-- \/wp:paragraph --><!-- wp:paragraph -->\n<p><strong>DESCRIPCI\u00d3N: <\/strong>N\u00famero 50 del peri\u00f3dico Unidad Ind\u00edgena dedicado a difundir el llamado de la Coordinadora Ind\u00edgena Nacional en relaci\u00f3n a la represi\u00f3n que sufri\u00f3 el resguardo Cristian\u00eda y los t\u00edtulos del resguardo Guanacas, as\u00ed como el fracaso del INCORA en el Valle de Sibundoy. Varias noticias se centran en las relaciones con Chile y Nicaragua. Se registra tambi\u00e9n el suplemento escolar con una cr\u00f3nica de la revoluci\u00f3n de Cuzco en dibujos. Cierra el documento con una memoria de la edad del peri\u00f3dico que es equivalente a los 7 a\u00f1os.<\/p>\n<p><strong>IDIOMA:<\/strong> Espa\u00f1ol<\/p>\n<!-- \/wp:paragraph --><!-- wp:paragraph -->\n<p><strong>PERSONA JUR\u00cdDICA\/NATURAL\/ROL:<\/strong> INCORA, CRIC, Moscoso y Peralta, Fernando Incl\u00e9s Vald\u00e9s, Alejandro Cubillos, Renault, Fernando Antonio Gomez<\/p>\n<!-- \/wp:paragraph --><!-- wp:paragraph -->\n<p><strong>TOPON\u00cdMICOS:<\/strong> Cauca<\/p>\n<!-- \/wp:paragraph --><!-- wp:paragraph -->\n<p><strong>TEM\u00c1TICOS:<\/strong> Unidad ind\u00edgena \/ asesinato de l\u00edderes ind\u00edgenas \/ procesos organizativos \/ comunidades ind\u00edgenas \/ problema de tierras \/ relaciones internacionales \/ recuperaci\u00f3n de resguardos \/ represi\u00f3n<\/p>\n<!-- \/wp:paragraph --><!-- wp:paragraph -->\n<p><strong>CRONOL\u00d3GICOS:<\/strong> 1981<\/p>\n<!-- \/wp:paragraph --><!-- wp:paragraph -->\n<p><strong>SOPORTE:<\/strong> Peri\u00f3dico Unidad Ind\u00edgena<\/p>\n<!-- \/wp:paragraph --><!-- wp:paragraph -->\n<p><strong>CROM\u00cdA:<\/strong> Sepia y rojo<\/p>\n<!-- \/wp:paragraph --><!-- wp:paragraph -->\n<p>\u00a0<\/p>\n<!-- \/wp:paragraph -->\t\t\t\t\t\t<\/div>\n\t\t\t\t<\/div>\n\t\t\t\t\t<\/div>\n\t\t<\/div>\n\t\t\t\t\t<\/div>\n\t\t<\/section>\n\t\t\t\t<\/div>\n\t\t","protected":false},"excerpt":{"rendered":"<p>C\u00d3DIGO: H0126 DESCRIPCI\u00d3N: N\u00famero 50 del peri\u00f3dico Unidad Ind\u00edgena dedicado a difundir el llamado de la Coordinadora Ind\u00edgena Nacional en relaci\u00f3n a la represi\u00f3n que sufri\u00f3 el resguardo Cristian\u00eda y los t\u00edtulos del resguardo Guanacas, as\u00ed como el fracaso del INCORA en el Valle de Sibundoy. Varias noticias se centran en las relaciones con Chile [&hellip;]<\/p>\n","protected":false},"author":1,"featured_media":11990,"comment_status":"open","ping_status":"open","sticky":false,"template":"","format":"standard","meta":{"_acf_changed":false,"footnotes":""},"categories":[28],"tags":[1183,70,1186,73,396,1185,169,1184],"class_list":["post-10889","post","type-post","status-publish","format-standard","has-post-thumbnail","hentry","category-hemeroteca","tag-asesinato-de-lideres-indigenas","tag-comunidades-indigenas","tag-impunidad","tag-problema-de-tierras","tag-procesos-organizativos","tag-recuperacion-de-resguardos","tag-represion","tag-unidad-indigena"],"acf":[],"_links":{"self":[{"href":"https:\/\/martarodriguez.com.co\/index.php\/wp-json\/wp\/v2\/posts\/10889","targetHints":{"allow":["GET"]}}],"collection":[{"href":"https:\/\/martarodriguez.com.co\/index.php\/wp-json\/wp\/v2\/posts"}],"about":[{"href":"https:\/\/martarodriguez.com.co\/index.php\/wp-json\/wp\/v2\/types\/post"}],"author":[{"embeddable":true,"href":"https:\/\/martarodriguez.com.co\/index.php\/wp-json\/wp\/v2\/users\/1"}],"replies":[{"embeddable":true,"href":"https:\/\/martarodriguez.com.co\/index.php\/wp-json\/wp\/v2\/comments?post=10889"}],"version-history":[{"count":7,"href":"https:\/\/martarodriguez.com.co\/index.php\/wp-json\/wp\/v2\/posts\/10889\/revisions"}],"predecessor-version":[{"id":10904,"href":"https:\/\/martarodriguez.com.co\/index.php\/wp-json\/wp\/v2\/posts\/10889\/revisions\/10904"}],"wp:featuredmedia":[{"embeddable":true,"href":"https:\/\/martarodriguez.com.co\/index.php\/wp-json\/wp\/v2\/media\/11990"}],"wp:attachment":[{"href":"https:\/\/martarodriguez.com.co\/index.php\/wp-json\/wp\/v2\/media?parent=10889"}],"wp:term":[{"taxonomy":"category","embeddable":true,"href":"https:\/\/martarodriguez.com.co\/index.php\/wp-json\/wp\/v2\/categories?post=10889"},{"taxonomy":"post_tag","embeddable":true,"href":"https:\/\/martarodriguez.com.co\/index.php\/wp-json\/wp\/v2\/tags?post=10889"}],"curies":[{"name":"wp","href":"https:\/\/api.w.org\/{rel}","templated":true}]}}