{"id":10832,"date":"2024-12-19T14:57:53","date_gmt":"2024-12-19T14:57:53","guid":{"rendered":"https:\/\/martarodriguez.com.co\/?p=10832"},"modified":"2025-01-23T20:39:52","modified_gmt":"2025-01-23T20:39:52","slug":"h0122cricfrances","status":"publish","type":"post","link":"https:\/\/martarodriguez.com.co\/index.php\/2024\/12\/19\/h0122cricfrances\/","title":{"rendered":"H0122. Programa del CRIC en franc\u00e9s"},"content":{"rendered":"\t\t<div data-elementor-type=\"wp-post\" data-elementor-id=\"10832\" class=\"elementor elementor-10832\">\n\t\t\t\t\t\t<section class=\"elementor-section elementor-top-section elementor-element elementor-element-77752575 elementor-section-boxed elementor-section-height-default elementor-section-height-default exad-glass-effect-no wpr-particle-no wpr-jarallax-no wpr-parallax-no wpr-sticky-section-no exad-sticky-section-no\" data-id=\"77752575\" data-element_type=\"section\">\n\t\t\t\t\t\t<div class=\"elementor-container elementor-column-gap-default\">\n\t\t\t\t\t<div class=\"elementor-column elementor-col-100 elementor-top-column elementor-element elementor-element-6fd6a63d exad-glass-effect-no exad-sticky-section-no\" data-id=\"6fd6a63d\" data-element_type=\"column\">\n\t\t\t<div class=\"elementor-widget-wrap elementor-element-populated\">\n\t\t\t\t\t\t<div class=\"elementor-element elementor-element-85a1bf1 elementor-widget-mobile__width-initial exad-sticky-section-no exad-glass-effect-no elementor-widget elementor-widget-pdfjs_viewer\" data-id=\"85a1bf1\" data-element_type=\"widget\" data-widget_type=\"pdfjs_viewer.default\">\n\t\t\t\t<div class=\"elementor-widget-container\">\n\t\t\t<iframe src=\"https:\/\/martarodriguez.com.co\/wp-content\/plugins\/pdf-viewer-for-elementor\/assets\/pdfjs\/web\/viewer.html?file=https:\/\/martarodriguez.com.co\/wp-content\/uploads\/2024\/12\/H0122.-programa-del-CRIC-en-frances_watermark-1_compressed.pdf&amp;embedded=true\" style=\"display: block; margin-left: auto; margin-right: auto; width: 640px; height: 1020px;\" frameborder=\"1\" marginheight=\"0px\" marginwidth=\"0px\" allowfullscreen><\/iframe>\t\t<\/div>\n\t\t\t\t<\/div>\n\t\t\t\t<div class=\"elementor-element elementor-element-496b670 exad-sticky-section-no exad-glass-effect-no elementor-widget elementor-widget-text-editor\" data-id=\"496b670\" data-element_type=\"widget\" data-widget_type=\"text-editor.default\">\n\t\t\t\t<div class=\"elementor-widget-container\">\n\t\t\t<style>\/*! elementor - v3.21.0 - 15-04-2024 *\/\n.elementor-widget-text-editor.elementor-drop-cap-view-stacked .elementor-drop-cap{background-color:#69727d;color:#fff}.elementor-widget-text-editor.elementor-drop-cap-view-framed .elementor-drop-cap{color:#69727d;border:3px solid;background-color:transparent}.elementor-widget-text-editor:not(.elementor-drop-cap-view-default) .elementor-drop-cap{margin-top:8px}.elementor-widget-text-editor:not(.elementor-drop-cap-view-default) .elementor-drop-cap-letter{width:1em;height:1em}.elementor-widget-text-editor .elementor-drop-cap{float:left;text-align:center;line-height:1;font-size:50px}.elementor-widget-text-editor .elementor-drop-cap-letter{display:inline-block}<\/style>\t\t\t\t<!-- wp:paragraph -->\n<p><strong>C\u00d3DIGO<\/strong>: H0122<\/p>\n<!-- \/wp:paragraph --><!-- wp:paragraph -->\n<p><strong>DESCRIPCI\u00d3N: <\/strong>Rese\u00f1a en franc\u00e9s de la pel\u00edcula Campesinos y el programa del CRIC que este proyecto recupera a partir de un extracto de 1977 en que se enuncia la recuperaci\u00f3n de tierras, reforzar los cabildos, defender la lengua, superar el pago de terraje. Se cita a continuaci\u00f3n la voz de un campesino que vivi\u00f3 la \u00e9poca de la Violencia de los a\u00f1os 50 en el Tolima.<\/p>\n<p><strong>IDIOMA:<\/strong> Espa\u00f1ol<\/p>\n<!-- \/wp:paragraph --><!-- wp:paragraph -->\n<p><strong>PERSONA JUR\u00cdDICA\/NATURAL\/ROL:<\/strong> CRIC<\/p>\n<!-- \/wp:paragraph --><!-- wp:paragraph -->\n<p><strong>TOPON\u00cdMICOS:<\/strong> Bogot\u00e1<\/p>\n<!-- \/wp:paragraph --><!-- wp:paragraph -->\n<p><strong>TEM\u00c1TICOS:<\/strong> Comunidades campesinas \/ CRIC \/ denuncia \/ procesos organizativos<\/p>\n<!-- \/wp:paragraph --><!-- wp:paragraph -->\n<p><strong>CRONOL\u00d3GICOS:<\/strong> s.f<\/p>\n<!-- \/wp:paragraph --><!-- wp:paragraph -->\n<p><strong>SOPORTE:<\/strong> Carta<\/p>\n<!-- \/wp:paragraph --><!-- wp:paragraph -->\n<p><strong>CROM\u00cdA:<\/strong> B\/N<\/p>\n<!-- \/wp:paragraph --><!-- wp:paragraph -->\n<p>\u00a0<\/p>\n<!-- \/wp:paragraph -->\t\t\t\t\t\t<\/div>\n\t\t\t\t<\/div>\n\t\t\t\t\t<\/div>\n\t\t<\/div>\n\t\t\t\t\t<\/div>\n\t\t<\/section>\n\t\t\t\t<\/div>\n\t\t","protected":false},"excerpt":{"rendered":"<p>C\u00d3DIGO: H0122 DESCRIPCI\u00d3N: Rese\u00f1a en franc\u00e9s de la pel\u00edcula Campesinos y el programa del CRIC que este proyecto recupera a partir de un extracto de 1977 en que se enuncia la recuperaci\u00f3n de tierras, reforzar los cabildos, defender la lengua, superar el pago de terraje. Se cita a continuaci\u00f3n la voz de un campesino que [&hellip;]<\/p>\n","protected":false},"author":1,"featured_media":12575,"comment_status":"open","ping_status":"open","sticky":false,"template":"","format":"standard","meta":{"_acf_changed":false,"footnotes":""},"categories":[28],"tags":[1080,108,210,396],"class_list":["post-10832","post","type-post","status-publish","format-standard","has-post-thumbnail","hentry","category-hemeroteca","tag-comunidades-campesinas","tag-cric","tag-denuncia","tag-procesos-organizativos"],"acf":[],"_links":{"self":[{"href":"https:\/\/martarodriguez.com.co\/index.php\/wp-json\/wp\/v2\/posts\/10832","targetHints":{"allow":["GET"]}}],"collection":[{"href":"https:\/\/martarodriguez.com.co\/index.php\/wp-json\/wp\/v2\/posts"}],"about":[{"href":"https:\/\/martarodriguez.com.co\/index.php\/wp-json\/wp\/v2\/types\/post"}],"author":[{"embeddable":true,"href":"https:\/\/martarodriguez.com.co\/index.php\/wp-json\/wp\/v2\/users\/1"}],"replies":[{"embeddable":true,"href":"https:\/\/martarodriguez.com.co\/index.php\/wp-json\/wp\/v2\/comments?post=10832"}],"version-history":[{"count":15,"href":"https:\/\/martarodriguez.com.co\/index.php\/wp-json\/wp\/v2\/posts\/10832\/revisions"}],"predecessor-version":[{"id":12576,"href":"https:\/\/martarodriguez.com.co\/index.php\/wp-json\/wp\/v2\/posts\/10832\/revisions\/12576"}],"wp:featuredmedia":[{"embeddable":true,"href":"https:\/\/martarodriguez.com.co\/index.php\/wp-json\/wp\/v2\/media\/12575"}],"wp:attachment":[{"href":"https:\/\/martarodriguez.com.co\/index.php\/wp-json\/wp\/v2\/media?parent=10832"}],"wp:term":[{"taxonomy":"category","embeddable":true,"href":"https:\/\/martarodriguez.com.co\/index.php\/wp-json\/wp\/v2\/categories?post=10832"},{"taxonomy":"post_tag","embeddable":true,"href":"https:\/\/martarodriguez.com.co\/index.php\/wp-json\/wp\/v2\/tags?post=10832"}],"curies":[{"name":"wp","href":"https:\/\/api.w.org\/{rel}","templated":true}]}}