{"id":10824,"date":"2024-12-19T13:55:58","date_gmt":"2024-12-19T13:55:58","guid":{"rendered":"https:\/\/martarodriguez.com.co\/?p=10824"},"modified":"2025-07-08T15:02:15","modified_gmt":"2025-07-08T15:02:15","slug":"h0114-llamamiento-jornada-por-la-vida","status":"publish","type":"post","link":"https:\/\/martarodriguez.com.co\/index.php\/2024\/12\/19\/h0114-llamamiento-jornada-por-la-vida\/","title":{"rendered":"H0114. Llamamiento jornada por la vida"},"content":{"rendered":"\t\t<div data-elementor-type=\"wp-post\" data-elementor-id=\"10824\" class=\"elementor elementor-10824\">\n\t\t\t\t\t\t<section class=\"elementor-section elementor-top-section elementor-element elementor-element-9e39e5c elementor-section-boxed elementor-section-height-default elementor-section-height-default exad-glass-effect-no wpr-particle-no wpr-jarallax-no wpr-parallax-no wpr-sticky-section-no exad-sticky-section-no\" data-id=\"9e39e5c\" data-element_type=\"section\">\n\t\t\t\t\t\t<div class=\"elementor-container elementor-column-gap-default\">\n\t\t\t\t\t<div class=\"elementor-column elementor-col-100 elementor-top-column elementor-element elementor-element-41d554c exad-glass-effect-no exad-sticky-section-no\" data-id=\"41d554c\" data-element_type=\"column\">\n\t\t\t<div class=\"elementor-widget-wrap elementor-element-populated\">\n\t\t\t\t\t\t<div class=\"elementor-element elementor-element-a6bd90a exad-sticky-section-no exad-glass-effect-no elementor-widget elementor-widget-text-editor\" data-id=\"a6bd90a\" data-element_type=\"widget\" data-widget_type=\"text-editor.default\">\n\t\t\t\t<div class=\"elementor-widget-container\">\n\t\t\t<style>\/*! elementor - v3.21.0 - 15-04-2024 *\/\n.elementor-widget-text-editor.elementor-drop-cap-view-stacked .elementor-drop-cap{background-color:#69727d;color:#fff}.elementor-widget-text-editor.elementor-drop-cap-view-framed .elementor-drop-cap{color:#69727d;border:3px solid;background-color:transparent}.elementor-widget-text-editor:not(.elementor-drop-cap-view-default) .elementor-drop-cap{margin-top:8px}.elementor-widget-text-editor:not(.elementor-drop-cap-view-default) .elementor-drop-cap-letter{width:1em;height:1em}.elementor-widget-text-editor .elementor-drop-cap{float:left;text-align:center;line-height:1;font-size:50px}.elementor-widget-text-editor .elementor-drop-cap-letter{display:inline-block}<\/style>\t\t\t\t<p><strong>C\u00d3DIGO<\/strong>: H0114<\/p><p><strong>DESCRIPCI\u00d3N:<\/strong>Fragmento de Carta abierta del partido comunista en que se denuncia la represi\u00f3n a los medios y los artistas por expresar su inconformidad frente a las pol\u00edticas de Estado y el golpe militar con todas su nefastas consecuencias. Asimismo, se exige protecci\u00f3n pol\u00edtica a los congresistas de la Uni\u00f3n Patri\u00f3tica, Leonardo Posada y Pedro Nel Jimenez.<\/p><p><strong>IDIOMA:<\/strong>\u00a0Espa\u00f1ol<\/p><p><strong>PERSONA JUR\u00cdDICA\/NATURAL\/ROL:<\/strong> Uni\u00f3n Patri\u00f3tica, Pedro Nel Jimenez, Leonardo Posada, PCC<\/p><p><strong>TOPON\u00cdMICOS:<\/strong> Bogot\u00e1<\/p><p><strong>TEM\u00c1TICOS:<\/strong> Movimientos de izquierda \/ procesos organizativos \/ represi\u00f3n \/militarismo<\/p><p><strong>CRONOL\u00d3GICOS:<\/strong> s.f.<\/p><p><strong>SOPORTE:<\/strong> Carta<\/p><p><strong>CROM\u00cdA:<\/strong> B\/N<\/p>\t\t\t\t\t\t<\/div>\n\t\t\t\t<\/div>\n\t\t\t\t<div class=\"elementor-element elementor-element-95ee070 exad-sticky-section-no exad-glass-effect-no elementor-widget elementor-widget-image\" data-id=\"95ee070\" data-element_type=\"widget\" data-widget_type=\"image.default\">\n\t\t\t\t<div class=\"elementor-widget-container\">\n\t\t\t<style>\/*! elementor - v3.21.0 - 15-04-2024 *\/\n.elementor-widget-image{text-align:center}.elementor-widget-image a{display:inline-block}.elementor-widget-image a img[src$=\".svg\"]{width:48px}.elementor-widget-image img{vertical-align:middle;display:inline-block}<\/style>\t\t\t\t\t\t\t\t\t\t<img decoding=\"async\" src=\"https:\/\/martarodriguez.com.co\/wp-content\/uploads\/2024\/12\/H0099.-letra-himno-La-Internacional-stamped-compressed-1.pdf\" alt=\"\" loading=\"lazy\" \/>\t\t\t\t\t\t\t\t\t\t\t\t\t<\/div>\n\t\t\t\t<\/div>\n\t\t\t\t\t<\/div>\n\t\t<\/div>\n\t\t\t\t\t<\/div>\n\t\t<\/section>\n\t\t\t\t<\/div>\n\t\t","protected":false},"excerpt":{"rendered":"<p>C\u00d3DIGO: H0114 DESCRIPCI\u00d3N:Fragmento de Carta abierta del partido comunista en que se denuncia la represi\u00f3n a los medios y los artistas por expresar su inconformidad frente a las pol\u00edticas de Estado y el golpe militar con todas su nefastas consecuencias. Asimismo, se exige protecci\u00f3n pol\u00edtica a los congresistas de la Uni\u00f3n Patri\u00f3tica, Leonardo Posada y [&hellip;]<\/p>\n","protected":false},"author":1,"featured_media":10825,"comment_status":"open","ping_status":"open","sticky":false,"template":"","format":"standard","meta":{"_acf_changed":false,"footnotes":""},"categories":[28],"tags":[1179,396,169],"class_list":["post-10824","post","type-post","status-publish","format-standard","has-post-thumbnail","hentry","category-hemeroteca","tag-movimientos-de-izquierda","tag-procesos-organizativos","tag-represion"],"acf":[],"_links":{"self":[{"href":"https:\/\/martarodriguez.com.co\/index.php\/wp-json\/wp\/v2\/posts\/10824","targetHints":{"allow":["GET"]}}],"collection":[{"href":"https:\/\/martarodriguez.com.co\/index.php\/wp-json\/wp\/v2\/posts"}],"about":[{"href":"https:\/\/martarodriguez.com.co\/index.php\/wp-json\/wp\/v2\/types\/post"}],"author":[{"embeddable":true,"href":"https:\/\/martarodriguez.com.co\/index.php\/wp-json\/wp\/v2\/users\/1"}],"replies":[{"embeddable":true,"href":"https:\/\/martarodriguez.com.co\/index.php\/wp-json\/wp\/v2\/comments?post=10824"}],"version-history":[{"count":4,"href":"https:\/\/martarodriguez.com.co\/index.php\/wp-json\/wp\/v2\/posts\/10824\/revisions"}],"predecessor-version":[{"id":10829,"href":"https:\/\/martarodriguez.com.co\/index.php\/wp-json\/wp\/v2\/posts\/10824\/revisions\/10829"}],"wp:featuredmedia":[{"embeddable":true,"href":"https:\/\/martarodriguez.com.co\/index.php\/wp-json\/wp\/v2\/media\/10825"}],"wp:attachment":[{"href":"https:\/\/martarodriguez.com.co\/index.php\/wp-json\/wp\/v2\/media?parent=10824"}],"wp:term":[{"taxonomy":"category","embeddable":true,"href":"https:\/\/martarodriguez.com.co\/index.php\/wp-json\/wp\/v2\/categories?post=10824"},{"taxonomy":"post_tag","embeddable":true,"href":"https:\/\/martarodriguez.com.co\/index.php\/wp-json\/wp\/v2\/tags?post=10824"}],"curies":[{"name":"wp","href":"https:\/\/api.w.org\/{rel}","templated":true}]}}