{"id":10817,"date":"2024-12-19T13:48:33","date_gmt":"2024-12-19T13:48:33","guid":{"rendered":"https:\/\/martarodriguez.com.co\/?p=10817"},"modified":"2024-12-19T13:52:32","modified_gmt":"2024-12-19T13:52:32","slug":"h0099-letra-himno-la-internacional-copy","status":"publish","type":"post","link":"https:\/\/martarodriguez.com.co\/index.php\/2024\/12\/19\/h0099-letra-himno-la-internacional-copy\/","title":{"rendered":"H0100. Llamamiento del MOIR en el Sur Oriente bogotano"},"content":{"rendered":"\t\t<div data-elementor-type=\"wp-post\" data-elementor-id=\"10817\" class=\"elementor elementor-10817\">\n\t\t\t\t\t\t<section class=\"elementor-section elementor-top-section elementor-element elementor-element-9e39e5c elementor-section-boxed elementor-section-height-default elementor-section-height-default exad-glass-effect-no wpr-particle-no wpr-jarallax-no wpr-parallax-no wpr-sticky-section-no exad-sticky-section-no\" data-id=\"9e39e5c\" data-element_type=\"section\">\n\t\t\t\t\t\t<div class=\"elementor-container elementor-column-gap-default\">\n\t\t\t\t\t<div class=\"elementor-column elementor-col-100 elementor-top-column elementor-element elementor-element-41d554c exad-glass-effect-no exad-sticky-section-no\" data-id=\"41d554c\" data-element_type=\"column\">\n\t\t\t<div class=\"elementor-widget-wrap elementor-element-populated\">\n\t\t\t\t\t\t<div class=\"elementor-element elementor-element-a6bd90a exad-sticky-section-no exad-glass-effect-no elementor-widget elementor-widget-text-editor\" data-id=\"a6bd90a\" data-element_type=\"widget\" data-widget_type=\"text-editor.default\">\n\t\t\t\t<div class=\"elementor-widget-container\">\n\t\t\t<style>\/*! elementor - v3.21.0 - 15-04-2024 *\/\n.elementor-widget-text-editor.elementor-drop-cap-view-stacked .elementor-drop-cap{background-color:#69727d;color:#fff}.elementor-widget-text-editor.elementor-drop-cap-view-framed .elementor-drop-cap{color:#69727d;border:3px solid;background-color:transparent}.elementor-widget-text-editor:not(.elementor-drop-cap-view-default) .elementor-drop-cap{margin-top:8px}.elementor-widget-text-editor:not(.elementor-drop-cap-view-default) .elementor-drop-cap-letter{width:1em;height:1em}.elementor-widget-text-editor .elementor-drop-cap{float:left;text-align:center;line-height:1;font-size:50px}.elementor-widget-text-editor .elementor-drop-cap-letter{display:inline-block}<\/style>\t\t\t\t<p><strong>C\u00d3DIGO<\/strong>: H0100<\/p><p><strong>DESCRIPCI\u00d3N: <\/strong>Comunicado del MOIR para combatir la alza del transporte y la denuncia al gobierno lopista por la represi\u00f3n cometida contra los grupos sindicales, a favor del Plan Integral de Desarrollo Urbano, por el cual se denuncia la falta de rutas y buses para garantizar el transporte.\u00a0<\/p><p><strong>IDIOMA:<\/strong>\u00a0Espa\u00f1ol<\/p><p><strong>PERSONA JUR\u00cdDICA\/NATURAL\/ROL:<\/strong> MOIR, L\u00f3pez Michelsen<\/p><p><strong>TOPON\u00cdMICOS:<\/strong>\u00a0<\/p><p><strong>TEM\u00c1TICOS:<\/strong> Transporte \/ movimientos sociales \/ procesos organizativos \/ movimientos de izquierda<\/p><p><strong>CRONOL\u00d3GICOS:<\/strong> 1976<\/p><p><strong>SOPORTE:<\/strong> Carta<\/p><p><strong>CROM\u00cdA:<\/strong> Sepia<\/p>\t\t\t\t\t\t<\/div>\n\t\t\t\t<\/div>\n\t\t\t\t<div class=\"elementor-element elementor-element-95ee070 exad-sticky-section-no exad-glass-effect-no elementor-widget elementor-widget-image\" data-id=\"95ee070\" data-element_type=\"widget\" data-widget_type=\"image.default\">\n\t\t\t\t<div class=\"elementor-widget-container\">\n\t\t\t<style>\/*! elementor - v3.21.0 - 15-04-2024 *\/\n.elementor-widget-image{text-align:center}.elementor-widget-image a{display:inline-block}.elementor-widget-image a img[src$=\".svg\"]{width:48px}.elementor-widget-image img{vertical-align:middle;display:inline-block}<\/style>\t\t\t\t\t\t\t\t\t\t<img decoding=\"async\" src=\"https:\/\/martarodriguez.com.co\/wp-content\/uploads\/2024\/12\/H0099.-letra-himno-La-Internacional-stamped-compressed-1.pdf\" alt=\"\" loading=\"lazy\" \/>\t\t\t\t\t\t\t\t\t\t\t\t\t<\/div>\n\t\t\t\t<\/div>\n\t\t\t\t\t<\/div>\n\t\t<\/div>\n\t\t\t\t\t<\/div>\n\t\t<\/section>\n\t\t\t\t<\/div>\n\t\t","protected":false},"excerpt":{"rendered":"<p>C\u00d3DIGO: H0100 DESCRIPCI\u00d3N: Comunicado del MOIR para combatir la alza del transporte y la denuncia al gobierno lopista por la represi\u00f3n cometida contra los grupos sindicales, a favor del Plan Integral de Desarrollo Urbano, por el cual se denuncia la falta de rutas y buses para garantizar el transporte.\u00a0 IDIOMA:\u00a0Espa\u00f1ol PERSONA JUR\u00cdDICA\/NATURAL\/ROL: MOIR, L\u00f3pez Michelsen [&hellip;]<\/p>\n","protected":false},"author":1,"featured_media":10818,"comment_status":"open","ping_status":"open","sticky":false,"template":"","format":"standard","meta":{"_acf_changed":false,"footnotes":""},"categories":[28],"tags":[1179,43,396,1180],"class_list":["post-10817","post","type-post","status-publish","format-standard","has-post-thumbnail","hentry","category-hemeroteca","tag-movimientos-de-izquierda","tag-movimientos-sociales","tag-procesos-organizativos","tag-transporte"],"acf":[],"_links":{"self":[{"href":"https:\/\/martarodriguez.com.co\/index.php\/wp-json\/wp\/v2\/posts\/10817","targetHints":{"allow":["GET"]}}],"collection":[{"href":"https:\/\/martarodriguez.com.co\/index.php\/wp-json\/wp\/v2\/posts"}],"about":[{"href":"https:\/\/martarodriguez.com.co\/index.php\/wp-json\/wp\/v2\/types\/post"}],"author":[{"embeddable":true,"href":"https:\/\/martarodriguez.com.co\/index.php\/wp-json\/wp\/v2\/users\/1"}],"replies":[{"embeddable":true,"href":"https:\/\/martarodriguez.com.co\/index.php\/wp-json\/wp\/v2\/comments?post=10817"}],"version-history":[{"count":5,"href":"https:\/\/martarodriguez.com.co\/index.php\/wp-json\/wp\/v2\/posts\/10817\/revisions"}],"predecessor-version":[{"id":10823,"href":"https:\/\/martarodriguez.com.co\/index.php\/wp-json\/wp\/v2\/posts\/10817\/revisions\/10823"}],"wp:featuredmedia":[{"embeddable":true,"href":"https:\/\/martarodriguez.com.co\/index.php\/wp-json\/wp\/v2\/media\/10818"}],"wp:attachment":[{"href":"https:\/\/martarodriguez.com.co\/index.php\/wp-json\/wp\/v2\/media?parent=10817"}],"wp:term":[{"taxonomy":"category","embeddable":true,"href":"https:\/\/martarodriguez.com.co\/index.php\/wp-json\/wp\/v2\/categories?post=10817"},{"taxonomy":"post_tag","embeddable":true,"href":"https:\/\/martarodriguez.com.co\/index.php\/wp-json\/wp\/v2\/tags?post=10817"}],"curies":[{"name":"wp","href":"https:\/\/api.w.org\/{rel}","templated":true}]}}